{"id":7874,"date":"2024-01-14T23:10:49","date_gmt":"2024-01-14T21:10:49","guid":{"rendered":"https:\/\/damiper.sk\/sk\/?p=7874"},"modified":"2024-01-14T23:10:49","modified_gmt":"2024-01-14T21:10:49","slug":"interierove-posuvne-dvere-2-zasadne-nedostatky","status":"publish","type":"post","link":"https:\/\/damiper.sk\/sk\/interierove-posuvne-dvere-2-zasadne-nedostatky\/","title":{"rendered":"Interi\u00e9rov\u00e9 posuvn\u00e9 dvere &#8211; 2 z\u00e1sadn\u00e9 nedostatky"},"content":{"rendered":"\n<h2 class=\"wp-block-heading has-text-align-center\"><mark style=\"background-color:rgba(0, 0, 0, 0)\" class=\"has-inline-color has-vivid-red-color\">Interi\u00e9rov\u00e9 posuvn\u00e9 dvere a ich dva z\u00e1sadn\u00e9 nedostatky<\/mark><\/h2>\n\n\n\n<p>Interi\u00e9rov\u00e9 dvere v posuvnom preveden\u00ed, konkr\u00e9tne n\u00e1stenn\u00e9 prevedenie, s\u00fa jedna z \u010dast\u00fdch volieb pri rie\u0161en\u00ed interi\u00e9ru bytu \u010di domu. Z dizajnov\u00e9ho h\u013eadiska m\u00e1te na v\u00fdber hne\u010f nieko\u013eko rie\u0161en\u00ed. M\u00e1me na mysli prevedenie s hornou garni\u017eou a oblo\u017ekovou z\u00e1rub\u0148ou v preveden\u00ed vo farbe dver\u00ed, alebo z\u00e1vesn\u00fd syst\u00e9m na vodiacej li\u0161te bez oblo\u017eenia otvoru.<\/p>\n\n\n\n<p>Tento \u010dl\u00e1nok je v\u0161ak venovan\u00fd ich funkcionalite, nie vzh\u013eadu. Chcete vedie\u0165 viac? Tak \u010d\u00edtajte \u010falej.<\/p>\n\n\n\n<h3 class=\"wp-block-heading\"><mark style=\"background-color:rgba(0, 0, 0, 0)\" class=\"has-inline-color has-vivid-red-color\">Posuvn\u00e9 dvere v kombin\u00e1cii s oblo\u017ekovou z\u00e1rub\u0148ou<\/mark><\/h3>\n\n\n\n<p>Be\u017ene pou\u017e\u00edvan\u00fd model posuvn\u00fdch dver\u00ed je z hornou garni\u017eou v kombin\u00e1cii s oblo\u017ekovou z\u00e1rub\u0148ou, ktor\u00e1 prekr\u00fdva stavebn\u00fd otvor. Je to cenovo dostupn\u00e9 rie\u0161enie, ktor\u00fdm \u0161etr\u00edte miesto v interi\u00e9ri a z\u00e1rove\u0148 viete zachova\u0165 jednotn\u00fd dizajn z poh\u013eadovej strany. <\/p>\n\n\n\n<p>\u010co je v\u0161ak hlavn\u00fdm nedostatkom tak\u00fdchto dver\u00ed? T\u00fdm, \u017ee dvern\u00e9 kr\u00eddlo nedolieha o oblo\u017eku, netesn\u00ed. A teda netvor\u00ed dostato\u010dn\u00fa zvukov\u00fa ani tepeln\u00fa izol\u00e1ciu v priestore. Preto tak\u00e9to prevedenie dver\u00ed neodpor\u00fa\u010dame na oddelenie izieb alebo pracovn\u00ed.<\/p>\n\n\n\n<div class=\"wp-block-columns is-layout-flex wp-container-core-columns-is-layout-9d6595d7 wp-block-columns-is-layout-flex\">\n<div class=\"wp-block-column is-layout-flow wp-block-column-is-layout-flow\" style=\"flex-basis:100%\">\n<div class=\"wp-block-columns alignwide has-background is-layout-flex wp-container-core-columns-is-layout-9d6595d7 wp-block-columns-is-layout-flex\" style=\"background-color:#caf0fa\">\n<div class=\"wp-block-column is-vertically-aligned-center is-layout-flow wp-block-column-is-layout-flow\" style=\"padding-top:var(--wp--preset--spacing--30);padding-right:var(--wp--preset--spacing--60);padding-bottom:var(--wp--preset--spacing--30);padding-left:var(--wp--preset--spacing--60)\">\n<p class=\"has-text-align-center has-text-color\" style=\"color:#075586;margin-top:0;margin-right:0;margin-bottom:0;margin-left:0;font-size:24px\"><strong><mark style=\"background-color:rgba(0, 0, 0, 0)\" class=\"has-inline-color has-vivid-cyan-blue-color\">Zauj\u00edmaj\u00fa V\u00e1s interi\u00e9rov\u00e9 dvere? Vyberte si z na\u0161ej ponuky<\/mark><\/strong><\/p>\n\n\n\n<div class=\"wp-block-buttons is-content-justification-center is-layout-flex wp-container-core-buttons-is-layout-ff70a91d wp-block-buttons-is-layout-flex\" style=\"margin-top:20px;margin-bottom:0\">\n<div class=\"wp-block-button has-custom-font-size is-style-fill\" style=\"font-size:16px\"><a class=\"wp-block-button__link has-text-color has-background wp-element-button\" href=\"https:\/\/damiper.sk\/sk\/interierove-dvere-trencin\/\" style=\"border-style:none;border-width:0px;color:#000000;background-color:#ffffff\" target=\"_blank\" rel=\"noreferrer noopener\"><strong><mark style=\"background-color:rgba(0, 0, 0, 0)\" class=\"has-inline-color has-vivid-red-color\">Chcem si pozrie\u0165 ponuku<\/mark><\/strong><\/a><\/div>\n<\/div>\n<\/div>\n\n\n\n<div class=\"wp-block-column is-vertically-aligned-center is-layout-flow wp-block-column-is-layout-flow\">\n<figure class=\"wp-block-image size-full is-style-rounded\"><img decoding=\"async\" src=\"https:\/\/damiper.sk\/sk\/wp-content\/plugins\/woocommerce\/packages\/woocommerce-blocks\/images\/pattern-placeholders\/wood-home-wall-decoration-shelf-living-room.png\" alt=\"Placeholder image used to represent products being showcased in a banner.\" class=\"wp-image-1\"\/><\/figure>\n<\/div>\n<\/div>\n<\/div>\n<\/div>\n\n\n\n<h3 class=\"wp-block-heading\"><mark style=\"background-color:rgba(0, 0, 0, 0)\" class=\"has-inline-color has-vivid-red-color\">Posuvn\u00e9 dvere bez oblo\u017ekovej z\u00e1rubne<\/mark><\/h3>\n\n\n\n<p>Obdobn\u00fa situ\u00e1ciu m\u00e1te aj v pr\u00edpade modernej\u0161ieho prevedenia posuvn\u00fdch dver\u00ed, a teda bez oblo\u017eky. Tak\u00e9to dvere sa m\u00f4\u017eu pos\u00fava\u0165 po r\u00f4znych hlin\u00edkov\u00fdch ko\u013eajniciach (z\u00e1vis\u00ed len na ponuke v\u00fdrobcu). Pri takomto preveden\u00ed sa neobklad\u00e1 stavebn\u00fd otvor \u017eiadnou z\u00e1rub\u0148ou. Teda op\u00e4\u0165, dvern\u00e9 kr\u00eddlo sa o ni\u010d nedoviera, teda netesn\u00ed.<\/p>\n\n\n\n<h3 class=\"wp-block-heading\"><mark style=\"background-color:rgba(0, 0, 0, 0)\" class=\"has-inline-color has-vivid-red-color\">Kam teda tak\u00e9to dvere umiestni\u0165?<\/mark><\/h3>\n\n\n\n<p>Ide\u00e1lnym vyu\u017eit\u00edm pre posuvn\u00e9 dvere s\u00fa napr\u00edklad \u0161atn\u00edky alebo predelenie kuchyne a ob\u00fdva\u010dky. Dokonale plnia svoju dizajnov\u00fa \u00falohu, \u0161etria priestor pri otvoren\u00ed a z\u00e1rove\u0148 nie je po\u017eiadavka na tlmenie hluku.<\/p>\n\n\n\n<p>Interi\u00e9rov\u00e9 posuvn\u00e9 dvere s\u00fa kr\u00e1sne rie\u0161enie tam, kde potrebujeme maxim\u00e1lne vyu\u017ei\u0165 priestor alebo ke\u010f sa rozhodneme o dizajnov\u00fd prvok. Av\u0161ak ich hlavn\u00fdm nedostatkom je ve\u013emi n\u00edzka tepeln\u00e1 a zvukov\u00e1 izol\u00e1cia, preto odpor\u00fa\u010dame vopred zv\u00e1\u017ei\u0165, kde interi\u00e9rov\u00e9 posuvn\u00e9 dvere umiestnite.<\/p>\n\n\n\n<p class=\"has-text-align-center\"><strong><mark style=\"background-color:rgba(0, 0, 0, 0);color:#2d5bcf\" class=\"has-inline-color\">Sledujte n\u00e1s aj na na\u0161ich soci\u00e1lnych stie\u0165ach<\/mark><\/strong><\/p>\n\n\n\n<ul class=\"wp-block-social-links is-content-justification-center is-layout-flex wp-container-core-social-links-is-layout-16018d1d wp-block-social-links-is-layout-flex\"><li class=\"wp-social-link wp-social-link-facebook  wp-block-social-link\"><a href=\"https:\/\/www.facebook.com\/damiper.sk\" class=\"wp-block-social-link-anchor\"><svg width=\"24\" height=\"24\" viewBox=\"0 0 24 24\" version=\"1.1\" xmlns=\"http:\/\/www.w3.org\/2000\/svg\" aria-hidden=\"true\" focusable=\"false\"><path d=\"M12 2C6.5 2 2 6.5 2 12c0 5 3.7 9.1 8.4 9.9v-7H7.9V12h2.5V9.8c0-2.5 1.5-3.9 3.8-3.9 1.1 0 2.2.2 2.2.2v2.5h-1.3c-1.2 0-1.6.8-1.6 1.6V12h2.8l-.4 2.9h-2.3v7C18.3 21.1 22 17 22 12c0-5.5-4.5-10-10-10z\"><\/path><\/svg><span class=\"wp-block-social-link-label screen-reader-text\">Facebook<\/span><\/a><\/li>\n\n<li class=\"wp-social-link wp-social-link-instagram  wp-block-social-link\"><a href=\"https:\/\/www.instagram.com\/damiper.sk\/\" class=\"wp-block-social-link-anchor\"><svg width=\"24\" height=\"24\" viewBox=\"0 0 24 24\" version=\"1.1\" xmlns=\"http:\/\/www.w3.org\/2000\/svg\" aria-hidden=\"true\" focusable=\"false\"><path d=\"M12,4.622c2.403,0,2.688,0.009,3.637,0.052c0.877,0.04,1.354,0.187,1.671,0.31c0.42,0.163,0.72,0.358,1.035,0.673 c0.315,0.315,0.51,0.615,0.673,1.035c0.123,0.317,0.27,0.794,0.31,1.671c0.043,0.949,0.052,1.234,0.052,3.637 s-0.009,2.688-0.052,3.637c-0.04,0.877-0.187,1.354-0.31,1.671c-0.163,0.42-0.358,0.72-0.673,1.035 c-0.315,0.315-0.615,0.51-1.035,0.673c-0.317,0.123-0.794,0.27-1.671,0.31c-0.949,0.043-1.233,0.052-3.637,0.052 s-2.688-0.009-3.637-0.052c-0.877-0.04-1.354-0.187-1.671-0.31c-0.42-0.163-0.72-0.358-1.035-0.673 c-0.315-0.315-0.51-0.615-0.673-1.035c-0.123-0.317-0.27-0.794-0.31-1.671C4.631,14.688,4.622,14.403,4.622,12 s0.009-2.688,0.052-3.637c0.04-0.877,0.187-1.354,0.31-1.671c0.163-0.42,0.358-0.72,0.673-1.035 c0.315-0.315,0.615-0.51,1.035-0.673c0.317-0.123,0.794-0.27,1.671-0.31C9.312,4.631,9.597,4.622,12,4.622 M12,3 C9.556,3,9.249,3.01,8.289,3.054C7.331,3.098,6.677,3.25,6.105,3.472C5.513,3.702,5.011,4.01,4.511,4.511 c-0.5,0.5-0.808,1.002-1.038,1.594C3.25,6.677,3.098,7.331,3.054,8.289C3.01,9.249,3,9.556,3,12c0,2.444,0.01,2.751,0.054,3.711 c0.044,0.958,0.196,1.612,0.418,2.185c0.23,0.592,0.538,1.094,1.038,1.594c0.5,0.5,1.002,0.808,1.594,1.038 c0.572,0.222,1.227,0.375,2.185,0.418C9.249,20.99,9.556,21,12,21s2.751-0.01,3.711-0.054c0.958-0.044,1.612-0.196,2.185-0.418 c0.592-0.23,1.094-0.538,1.594-1.038c0.5-0.5,0.808-1.002,1.038-1.594c0.222-0.572,0.375-1.227,0.418-2.185 C20.99,14.751,21,14.444,21,12s-0.01-2.751-0.054-3.711c-0.044-0.958-0.196-1.612-0.418-2.185c-0.23-0.592-0.538-1.094-1.038-1.594 c-0.5-0.5-1.002-0.808-1.594-1.038c-0.572-0.222-1.227-0.375-2.185-0.418C14.751,3.01,14.444,3,12,3L12,3z M12,7.378 c-2.552,0-4.622,2.069-4.622,4.622S9.448,16.622,12,16.622s4.622-2.069,4.622-4.622S14.552,7.378,12,7.378z M12,15 c-1.657,0-3-1.343-3-3s1.343-3,3-3s3,1.343,3,3S13.657,15,12,15z M16.804,6.116c-0.596,0-1.08,0.484-1.08,1.08 s0.484,1.08,1.08,1.08c0.596,0,1.08-0.484,1.08-1.08S17.401,6.116,16.804,6.116z\"><\/path><\/svg><span class=\"wp-block-social-link-label screen-reader-text\">Instagram<\/span><\/a><\/li>\n\n<li class=\"wp-social-link wp-social-link-tiktok  wp-block-social-link\"><a href=\"https:\/\/www.tiktok.com\/@okna_dvere_podlahy\" class=\"wp-block-social-link-anchor\"><svg width=\"24\" height=\"24\" viewBox=\"0 0 32 32\" version=\"1.1\" xmlns=\"http:\/\/www.w3.org\/2000\/svg\" aria-hidden=\"true\" focusable=\"false\"><path d=\"M16.708 0.027c1.745-0.027 3.48-0.011 5.213-0.027 0.105 2.041 0.839 4.12 2.333 5.563 1.491 1.479 3.6 2.156 5.652 2.385v5.369c-1.923-0.063-3.855-0.463-5.6-1.291-0.76-0.344-1.468-0.787-2.161-1.24-0.009 3.896 0.016 7.787-0.025 11.667-0.104 1.864-0.719 3.719-1.803 5.255-1.744 2.557-4.771 4.224-7.88 4.276-1.907 0.109-3.812-0.411-5.437-1.369-2.693-1.588-4.588-4.495-4.864-7.615-0.032-0.667-0.043-1.333-0.016-1.984 0.24-2.537 1.495-4.964 3.443-6.615 2.208-1.923 5.301-2.839 8.197-2.297 0.027 1.975-0.052 3.948-0.052 5.923-1.323-0.428-2.869-0.308-4.025 0.495-0.844 0.547-1.485 1.385-1.819 2.333-0.276 0.676-0.197 1.427-0.181 2.145 0.317 2.188 2.421 4.027 4.667 3.828 1.489-0.016 2.916-0.88 3.692-2.145 0.251-0.443 0.532-0.896 0.547-1.417 0.131-2.385 0.079-4.76 0.095-7.145 0.011-5.375-0.016-10.735 0.025-16.093z\" \/><\/svg><span class=\"wp-block-social-link-label screen-reader-text\">TikTok<\/span><\/a><\/li><\/ul>\n","protected":false},"excerpt":{"rendered":"<p>Interi\u00e9rov\u00e9 posuvn\u00e9 dvere s\u00fa kr\u00e1sne rie\u0161enie tam, kde potrebujeme maxim\u00e1lne vyu\u017ei\u0165 priestor alebo ke\u010f sa rozhodneme o dizajnov\u00fd prvok. Maj\u00fa v\u0161ak dva z\u00e1sadn\u00e9 nedostatky, o ktor\u00fdch sa viac do\u010d\u00edtate v tomto \u010dl\u00e1nku.<\/p>\n","protected":false},"author":1,"featured_media":6971,"comment_status":"closed","ping_status":"closed","sticky":false,"template":"","format":"standard","meta":{"footnotes":""},"categories":[148,1],"tags":[144,174],"class_list":["post-7874","post","type-post","status-publish","format-standard","has-post-thumbnail","hentry","category-interierove-dvere","category-uzitocne-info","tag-interierove-dvere","tag-novostavba"],"yoast_head":"<!-- This site is optimized with the Yoast SEO plugin v26.5 - https:\/\/yoast.com\/wordpress\/plugins\/seo\/ -->\n<title>Interi\u00e9rov\u00e9 posuvn\u00e9 dvere-blog | Damiper | Okn\u00e1 | Dvere | Podlahy<\/title>\n<meta name=\"description\" content=\"Interi\u00e9rov\u00e9 posuvn\u00e9 dvere a ich z\u00e1sadn\u00e1 vlastnos\u0165 | Vyberajte z na\u0161ej ponuky dver\u00ed a vy\u017eiadajte si ponuku | info@damiper.sk | 0911 190 227\" \/>\n<meta name=\"robots\" content=\"index, follow, max-snippet:-1, max-image-preview:large, max-video-preview:-1\" \/>\n<link rel=\"canonical\" href=\"https:\/\/damiper.sk\/sk\/interierove-posuvne-dvere-2-zasadne-nedostatky\/\" \/>\n<meta property=\"og:locale\" content=\"sk_SK\" \/>\n<meta property=\"og:type\" content=\"article\" \/>\n<meta property=\"og:title\" content=\"Interi\u00e9rov\u00e9 posuvn\u00e9 dvere-blog | Damiper | Okn\u00e1 | Dvere | Podlahy\" \/>\n<meta property=\"og:description\" content=\"Interi\u00e9rov\u00e9 posuvn\u00e9 dvere a ich z\u00e1sadn\u00e1 vlastnos\u0165 | Vyberajte z na\u0161ej ponuky dver\u00ed a vy\u017eiadajte si ponuku | info@damiper.sk | 0911 190 227\" \/>\n<meta property=\"og:url\" content=\"https:\/\/damiper.sk\/sk\/interierove-posuvne-dvere-2-zasadne-nedostatky\/\" \/>\n<meta property=\"og:site_name\" content=\"Damiper s.r.o. \u00bb Okn\u00e1 | dvere | podlahy\" \/>\n<meta property=\"article:published_time\" content=\"2024-01-14T21:10:49+00:00\" \/>\n<meta property=\"og:image\" content=\"http:\/\/damiper.sk\/sk\/wp-content\/uploads\/akcia_na_interierove_dvere_damiper.jpg\" \/>\n\t<meta property=\"og:image:width\" content=\"1000\" \/>\n\t<meta property=\"og:image:height\" content=\"428\" \/>\n\t<meta property=\"og:image:type\" content=\"image\/jpeg\" \/>\n<meta name=\"author\" content=\"damiper.sk\" \/>\n<meta name=\"twitter:card\" content=\"summary_large_image\" \/>\n<meta name=\"twitter:label1\" content=\"Autor\" \/>\n\t<meta name=\"twitter:data1\" content=\"damiper.sk\" \/>\n\t<meta name=\"twitter:label2\" content=\"Predpokladan\u00fd \u010das \u010d\u00edtania\" \/>\n\t<meta name=\"twitter:data2\" content=\"2 min\u00faty\" \/>\n<script type=\"application\/ld+json\" class=\"yoast-schema-graph\">{\"@context\":\"https:\/\/schema.org\",\"@graph\":[{\"@type\":\"WebPage\",\"@id\":\"https:\/\/damiper.sk\/sk\/interierove-posuvne-dvere-2-zasadne-nedostatky\/\",\"url\":\"https:\/\/damiper.sk\/sk\/interierove-posuvne-dvere-2-zasadne-nedostatky\/\",\"name\":\"Interi\u00e9rov\u00e9 posuvn\u00e9 dvere-blog | Damiper | Okn\u00e1 | Dvere | Podlahy\",\"isPartOf\":{\"@id\":\"https:\/\/damiper.sk\/sk\/#website\"},\"primaryImageOfPage\":{\"@id\":\"https:\/\/damiper.sk\/sk\/interierove-posuvne-dvere-2-zasadne-nedostatky\/#primaryimage\"},\"image\":{\"@id\":\"https:\/\/damiper.sk\/sk\/interierove-posuvne-dvere-2-zasadne-nedostatky\/#primaryimage\"},\"thumbnailUrl\":\"https:\/\/damiper.sk\/sk\/wp-content\/uploads\/akcia_na_interierove_dvere_damiper.jpg\",\"datePublished\":\"2024-01-14T21:10:49+00:00\",\"author\":{\"@id\":\"https:\/\/damiper.sk\/sk\/#\/schema\/person\/785216426aee4b53f9c76eb1b20dec63\"},\"description\":\"Interi\u00e9rov\u00e9 posuvn\u00e9 dvere a ich z\u00e1sadn\u00e1 vlastnos\u0165 | Vyberajte z na\u0161ej ponuky dver\u00ed a vy\u017eiadajte si ponuku | info@damiper.sk | 0911 190 227\",\"breadcrumb\":{\"@id\":\"https:\/\/damiper.sk\/sk\/interierove-posuvne-dvere-2-zasadne-nedostatky\/#breadcrumb\"},\"inLanguage\":\"sk-SK\",\"potentialAction\":[{\"@type\":\"ReadAction\",\"target\":[\"https:\/\/damiper.sk\/sk\/interierove-posuvne-dvere-2-zasadne-nedostatky\/\"]}]},{\"@type\":\"ImageObject\",\"inLanguage\":\"sk-SK\",\"@id\":\"https:\/\/damiper.sk\/sk\/interierove-posuvne-dvere-2-zasadne-nedostatky\/#primaryimage\",\"url\":\"https:\/\/damiper.sk\/sk\/wp-content\/uploads\/akcia_na_interierove_dvere_damiper.jpg\",\"contentUrl\":\"https:\/\/damiper.sk\/sk\/wp-content\/uploads\/akcia_na_interierove_dvere_damiper.jpg\",\"width\":1000,\"height\":428,\"caption\":\"Akcia na interi\u00e9rov\u00e9 dvere 2021 Damiper\"},{\"@type\":\"BreadcrumbList\",\"@id\":\"https:\/\/damiper.sk\/sk\/interierove-posuvne-dvere-2-zasadne-nedostatky\/#breadcrumb\",\"itemListElement\":[{\"@type\":\"ListItem\",\"position\":1,\"name\":\"Domovsk\u00e1 str\u00e1nka\",\"item\":\"https:\/\/damiper.sk\/sk\/\"},{\"@type\":\"ListItem\",\"position\":2,\"name\":\"Interi\u00e9rov\u00e9 posuvn\u00e9 dvere &#8211; 2 z\u00e1sadn\u00e9 nedostatky\"}]},{\"@type\":\"WebSite\",\"@id\":\"https:\/\/damiper.sk\/sk\/#website\",\"url\":\"https:\/\/damiper.sk\/sk\/\",\"name\":\"Damiper s.r.o. \u00bb Okn\u00e1 | dvere | podlahy\",\"description\":\"Plastov\u00e9 okn\u00e1 | Dvere | Podlahy | Interi\u00e9r\",\"potentialAction\":[{\"@type\":\"SearchAction\",\"target\":{\"@type\":\"EntryPoint\",\"urlTemplate\":\"https:\/\/damiper.sk\/sk\/?s={search_term_string}\"},\"query-input\":{\"@type\":\"PropertyValueSpecification\",\"valueRequired\":true,\"valueName\":\"search_term_string\"}}],\"inLanguage\":\"sk-SK\"},{\"@type\":\"Person\",\"@id\":\"https:\/\/damiper.sk\/sk\/#\/schema\/person\/785216426aee4b53f9c76eb1b20dec63\",\"name\":\"damiper.sk\",\"image\":{\"@type\":\"ImageObject\",\"inLanguage\":\"sk-SK\",\"@id\":\"https:\/\/damiper.sk\/sk\/#\/schema\/person\/image\/\",\"url\":\"https:\/\/secure.gravatar.com\/avatar\/4a39576b2d2c695dd9e14095f33b98a86ba6c2ff7ce7c0448482d2507b5b4756?s=96&d=mm&r=g\",\"contentUrl\":\"https:\/\/secure.gravatar.com\/avatar\/4a39576b2d2c695dd9e14095f33b98a86ba6c2ff7ce7c0448482d2507b5b4756?s=96&d=mm&r=g\",\"caption\":\"damiper.sk\"},\"url\":\"https:\/\/damiper.sk\/sk\/author\/damiperspravca\/\"}]}<\/script>\n<!-- \/ Yoast SEO plugin. -->","yoast_head_json":{"title":"Interi\u00e9rov\u00e9 posuvn\u00e9 dvere-blog | Damiper | Okn\u00e1 | Dvere | Podlahy","description":"Interi\u00e9rov\u00e9 posuvn\u00e9 dvere a ich z\u00e1sadn\u00e1 vlastnos\u0165 | Vyberajte z na\u0161ej ponuky dver\u00ed a vy\u017eiadajte si ponuku | info@damiper.sk | 0911 190 227","robots":{"index":"index","follow":"follow","max-snippet":"max-snippet:-1","max-image-preview":"max-image-preview:large","max-video-preview":"max-video-preview:-1"},"canonical":"https:\/\/damiper.sk\/sk\/interierove-posuvne-dvere-2-zasadne-nedostatky\/","og_locale":"sk_SK","og_type":"article","og_title":"Interi\u00e9rov\u00e9 posuvn\u00e9 dvere-blog | Damiper | Okn\u00e1 | Dvere | Podlahy","og_description":"Interi\u00e9rov\u00e9 posuvn\u00e9 dvere a ich z\u00e1sadn\u00e1 vlastnos\u0165 | Vyberajte z na\u0161ej ponuky dver\u00ed a vy\u017eiadajte si ponuku | info@damiper.sk | 0911 190 227","og_url":"https:\/\/damiper.sk\/sk\/interierove-posuvne-dvere-2-zasadne-nedostatky\/","og_site_name":"Damiper s.r.o. \u00bb Okn\u00e1 | dvere | podlahy","article_published_time":"2024-01-14T21:10:49+00:00","og_image":[{"width":1000,"height":428,"url":"http:\/\/damiper.sk\/sk\/wp-content\/uploads\/akcia_na_interierove_dvere_damiper.jpg","type":"image\/jpeg"}],"author":"damiper.sk","twitter_card":"summary_large_image","twitter_misc":{"Autor":"damiper.sk","Predpokladan\u00fd \u010das \u010d\u00edtania":"2 min\u00faty"},"schema":{"@context":"https:\/\/schema.org","@graph":[{"@type":"WebPage","@id":"https:\/\/damiper.sk\/sk\/interierove-posuvne-dvere-2-zasadne-nedostatky\/","url":"https:\/\/damiper.sk\/sk\/interierove-posuvne-dvere-2-zasadne-nedostatky\/","name":"Interi\u00e9rov\u00e9 posuvn\u00e9 dvere-blog | Damiper | Okn\u00e1 | Dvere | Podlahy","isPartOf":{"@id":"https:\/\/damiper.sk\/sk\/#website"},"primaryImageOfPage":{"@id":"https:\/\/damiper.sk\/sk\/interierove-posuvne-dvere-2-zasadne-nedostatky\/#primaryimage"},"image":{"@id":"https:\/\/damiper.sk\/sk\/interierove-posuvne-dvere-2-zasadne-nedostatky\/#primaryimage"},"thumbnailUrl":"https:\/\/damiper.sk\/sk\/wp-content\/uploads\/akcia_na_interierove_dvere_damiper.jpg","datePublished":"2024-01-14T21:10:49+00:00","author":{"@id":"https:\/\/damiper.sk\/sk\/#\/schema\/person\/785216426aee4b53f9c76eb1b20dec63"},"description":"Interi\u00e9rov\u00e9 posuvn\u00e9 dvere a ich z\u00e1sadn\u00e1 vlastnos\u0165 | Vyberajte z na\u0161ej ponuky dver\u00ed a vy\u017eiadajte si ponuku | info@damiper.sk | 0911 190 227","breadcrumb":{"@id":"https:\/\/damiper.sk\/sk\/interierove-posuvne-dvere-2-zasadne-nedostatky\/#breadcrumb"},"inLanguage":"sk-SK","potentialAction":[{"@type":"ReadAction","target":["https:\/\/damiper.sk\/sk\/interierove-posuvne-dvere-2-zasadne-nedostatky\/"]}]},{"@type":"ImageObject","inLanguage":"sk-SK","@id":"https:\/\/damiper.sk\/sk\/interierove-posuvne-dvere-2-zasadne-nedostatky\/#primaryimage","url":"https:\/\/damiper.sk\/sk\/wp-content\/uploads\/akcia_na_interierove_dvere_damiper.jpg","contentUrl":"https:\/\/damiper.sk\/sk\/wp-content\/uploads\/akcia_na_interierove_dvere_damiper.jpg","width":1000,"height":428,"caption":"Akcia na interi\u00e9rov\u00e9 dvere 2021 Damiper"},{"@type":"BreadcrumbList","@id":"https:\/\/damiper.sk\/sk\/interierove-posuvne-dvere-2-zasadne-nedostatky\/#breadcrumb","itemListElement":[{"@type":"ListItem","position":1,"name":"Domovsk\u00e1 str\u00e1nka","item":"https:\/\/damiper.sk\/sk\/"},{"@type":"ListItem","position":2,"name":"Interi\u00e9rov\u00e9 posuvn\u00e9 dvere &#8211; 2 z\u00e1sadn\u00e9 nedostatky"}]},{"@type":"WebSite","@id":"https:\/\/damiper.sk\/sk\/#website","url":"https:\/\/damiper.sk\/sk\/","name":"Damiper s.r.o. \u00bb Okn\u00e1 | dvere | podlahy","description":"Plastov\u00e9 okn\u00e1 | Dvere | Podlahy | Interi\u00e9r","potentialAction":[{"@type":"SearchAction","target":{"@type":"EntryPoint","urlTemplate":"https:\/\/damiper.sk\/sk\/?s={search_term_string}"},"query-input":{"@type":"PropertyValueSpecification","valueRequired":true,"valueName":"search_term_string"}}],"inLanguage":"sk-SK"},{"@type":"Person","@id":"https:\/\/damiper.sk\/sk\/#\/schema\/person\/785216426aee4b53f9c76eb1b20dec63","name":"damiper.sk","image":{"@type":"ImageObject","inLanguage":"sk-SK","@id":"https:\/\/damiper.sk\/sk\/#\/schema\/person\/image\/","url":"https:\/\/secure.gravatar.com\/avatar\/4a39576b2d2c695dd9e14095f33b98a86ba6c2ff7ce7c0448482d2507b5b4756?s=96&d=mm&r=g","contentUrl":"https:\/\/secure.gravatar.com\/avatar\/4a39576b2d2c695dd9e14095f33b98a86ba6c2ff7ce7c0448482d2507b5b4756?s=96&d=mm&r=g","caption":"damiper.sk"},"url":"https:\/\/damiper.sk\/sk\/author\/damiperspravca\/"}]}},"_links":{"self":[{"href":"https:\/\/damiper.sk\/sk\/wp-json\/wp\/v2\/posts\/7874","targetHints":{"allow":["GET"]}}],"collection":[{"href":"https:\/\/damiper.sk\/sk\/wp-json\/wp\/v2\/posts"}],"about":[{"href":"https:\/\/damiper.sk\/sk\/wp-json\/wp\/v2\/types\/post"}],"author":[{"embeddable":true,"href":"https:\/\/damiper.sk\/sk\/wp-json\/wp\/v2\/users\/1"}],"replies":[{"embeddable":true,"href":"https:\/\/damiper.sk\/sk\/wp-json\/wp\/v2\/comments?post=7874"}],"version-history":[{"count":6,"href":"https:\/\/damiper.sk\/sk\/wp-json\/wp\/v2\/posts\/7874\/revisions"}],"predecessor-version":[{"id":7884,"href":"https:\/\/damiper.sk\/sk\/wp-json\/wp\/v2\/posts\/7874\/revisions\/7884"}],"wp:featuredmedia":[{"embeddable":true,"href":"https:\/\/damiper.sk\/sk\/wp-json\/wp\/v2\/media\/6971"}],"wp:attachment":[{"href":"https:\/\/damiper.sk\/sk\/wp-json\/wp\/v2\/media?parent=7874"}],"wp:term":[{"taxonomy":"category","embeddable":true,"href":"https:\/\/damiper.sk\/sk\/wp-json\/wp\/v2\/categories?post=7874"},{"taxonomy":"post_tag","embeddable":true,"href":"https:\/\/damiper.sk\/sk\/wp-json\/wp\/v2\/tags?post=7874"}],"curies":[{"name":"wp","href":"https:\/\/api.w.org\/{rel}","templated":true}]}}